{"id":42,"date":"2026-01-25T10:21:00","date_gmt":"2026-01-25T10:21:00","guid":{"rendered":"https:\/\/balkanska-dijaspora.com\/?p=42"},"modified":"2026-01-25T10:21:00","modified_gmt":"2026-01-25T10:21:00","slug":"drustvene-mreze-gore-dodik-poslao-poruku-trumpu-a-jedan-detalj-svima-je-zapao-za-oko","status":"publish","type":"post","link":"https:\/\/balkanska-dijaspora.com\/?p=42","title":{"rendered":"DRU\u0160TVENE MRE\u017dE GORE: Dodik poslao poruku Trumpu, a jedan detalj svima je zapao za oko"},"content":{"rendered":"\n<p>Dru\u0161tvene mre\u017ee i dalje su prepune reakcija nakon posljednjeg javnog istupa predsjednika SNSD-a Milorada Dodika, koji je otvoreno podr\u017eao inicijativu ameri\u010dkog predsjednika Donalda Trumpa predstavljenu na Svjetskom ekonomskom forumu u Davosu.<\/p>\n\n\n\n<p>Dodik je na dru\u0161tvenoj mre\u017ei X objavio poruku podr\u0161ke Trumpovoj ideji, pri \u010demu je ozna\u010dio i njegov zvani\u010dni nalog. Ubrzo je uslijedio veliki broj komentara, a posebnu pa\u017enju korisnika privukla je fotografija Milorada Dodika s predsjednikom Venecuele Nicolasom Madurom, s kojim je ranije imao bliske politi\u010dke odnose.<\/p>\n\n\n\n<p>Upravo taj detalj izazvao je brojne reakcije, pri \u010demu su korisnici dru\u0161tvenih mre\u017ea podsje\u0107ali na Dodikove nekada\u0161nje politi\u010dke saveznike i poruke koje je u tom periodu slao.<\/p>\n\n\n\n<p>U svojoj objavi Dodik je naveo da podr\u017eava inicijativu Donalda Trumpa o osnivanju Odbora za mir, isti\u010du\u0107i da je rije\u010d o poku\u0161aju vra\u0107anja politike njenoj su\u0161tinskoj ulozi \u2013 o\u010duvanju mira, stabilnosti i interesa naroda.<\/p>\n\n\n\n<p>\u201ePozdravljam inicijativu predsjednika Donalda Trampa predstavljenu u Davosu, kroz osnivanje Odbora za mir \u2013 kao poku\u0161aj da se politika vrati svom osnovnom smislu: miru, stabilnosti i za\u0161titi interesa naroda, a ne interesima raznih globalnih birokratija i lobisti\u010dkih struktura koje godinama \u017eive od tu\u0111ih kriza, usput ne rje\u0161avaju\u0107i nijednu\u201c, poru\u010dio je Dodik.<\/p>\n\n\n\n<p>U nastavku poruke naveo je da je Republika Srpska, kako tvrdi, godinama bila izlo\u017eena pritiscima pod okriljem multilateralizma, kroz djelovanje, kako ih naziva, kvaziinstitucija koje nisu slu\u017eile narodima, ve\u0107 interesima pojedinih centara mo\u0107i.<\/p>\n\n\n\n<p>\u201eSuverenitet se ka\u017enjavao, izborna volja poni\u0161tavala, a demokratski izabrani lideri etiketirali samo zato \u0161to nisu pristajali da kle\u010de pred pora\u017eenim ideologijama\u201c, naveo je Dodik, dodaju\u0107i da Trumpova poruka, prema njegovom mi\u0161ljenju, nosi posebnu te\u017einu jer zagovara povratak svijeta \u201erealnosti i interesa dr\u017eava\u201c.<\/p>\n\n\n\n<p>Govore\u0107i o Evropi, Dodik je ocijenio da se ona, kako je naveo, nalazi u stanju politi\u010dke konfuzije, optu\u017euju\u0107i evropske strukture za licemjerje i selektivno tuma\u010denje demokratije i prava.<\/p>\n\n\n\n<p>\u201eDecenijama su nam dr\u017eali lekcije o pravu i demokratiji, dok su istovremeno podr\u017eavali agende nametanja ideologija, ru\u0161enja tradicije i progona svakog politi\u010dara ili dr\u017eave koji su se usudili da ka\u017eu \u2013 dosta je\u201c, poru\u010dio je Dodik.<\/p>\n\n\n\n<p>Na kraju je istakao da Republika Srpska, prema njegovim rije\u010dima, dobro zna \u0161ta zna\u010di kada drugi name\u0107u vlastita tuma\u010denja demokratije, te da zbog toga razumije i podr\u017eava, kako je naveo, svaki poku\u0161aj vra\u0107anja politike \u201ezdravom razumu, suverenitetu i pravu naroda da sam odlu\u010duje o sebi\u201c.<\/p>\n\n\n\n<figure class=\"wp-block-image\"><img decoding=\"async\" src=\"https:\/\/i0.wp.com\/dnevnevijestibih.com\/wp-content\/uploads\/2026\/01\/IMG_3354.jpeg?resize=200%2C300&amp;ssl=1\" alt=\"\" class=\"wp-image-22685\"\/><\/figure>\n\n\n\n<figure class=\"wp-block-image\"><img decoding=\"async\" src=\"https:\/\/i0.wp.com\/dnevnevijestibih.com\/wp-content\/uploads\/2026\/01\/IMG_3353.jpeg?resize=200%2C300&amp;ssl=1\" alt=\"\" class=\"wp-image-22686\"\/><\/figure>\n\n\n\n<figure class=\"wp-block-image\"><img decoding=\"async\" src=\"https:\/\/i0.wp.com\/dnevnevijestibih.com\/wp-content\/uploads\/2026\/01\/IMG_3352.jpeg?resize=200%2C300&amp;ssl=1\" alt=\"\" class=\"wp-image-22687\"\/><\/figure>\n\n\n\n<figure class=\"wp-block-image\"><img decoding=\"async\" src=\"https:\/\/i0.wp.com\/dnevnevijestibih.com\/wp-content\/uploads\/2026\/01\/IMG_3351.jpeg?resize=200%2C300&amp;ssl=1\" alt=\"\" class=\"wp-image-22688\"\/><\/figure>\n\n\n\n<figure class=\"wp-block-image\"><img decoding=\"async\" src=\"https:\/\/i0.wp.com\/dnevnevijestibih.com\/wp-content\/uploads\/2026\/01\/IMG_3350.jpeg?resize=200%2C300&amp;ssl=1\" alt=\"\" class=\"wp-image-22689\"\/><\/figure>\n\n\n\n<p>Share.<a href=\"https:\/\/www.facebook.com\/sharer.php?u=https%3A%2F%2Fdnevnevijestibih.com%2Fvijesti%2Fdrustvene-mreze-gore-dodik-poslao-poruku-trumpu-a-jedan-detalj-svima-je-zapao-za-oko%2F\" target=\"_blank\" rel=\"noreferrer noopener\"><\/a><\/p>\n","protected":false},"excerpt":{"rendered":"<div class=\"mh-excerpt\"><p>Dru\u0161tvene mre\u017ee i dalje su prepune reakcija nakon posljednjeg javnog istupa predsjednika SNSD-a Milorada Dodika, koji je otvoreno podr\u017eao inicijativu ameri\u010dkog predsjednika Donalda Trumpa predstavljenu <a class=\"mh-excerpt-more\" href=\"https:\/\/balkanska-dijaspora.com\/?p=42\" title=\"DRU\u0160TVENE MRE\u017dE GORE: Dodik poslao poruku Trumpu, a jedan detalj svima je zapao za oko\">[&#8230;]<\/a><\/p>\n<\/div>","protected":false},"author":2,"featured_media":43,"comment_status":"open","ping_status":"open","sticky":false,"template":"","format":"standard","meta":{"pagelayer_contact_templates":[],"_pagelayer_content":"","footnotes":""},"categories":[1],"tags":[],"class_list":["post-42","post","type-post","status-publish","format-standard","has-post-thumbnail","hentry","category-uncategorized"],"_links":{"self":[{"href":"https:\/\/balkanska-dijaspora.com\/index.php?rest_route=\/wp\/v2\/posts\/42","targetHints":{"allow":["GET"]}}],"collection":[{"href":"https:\/\/balkanska-dijaspora.com\/index.php?rest_route=\/wp\/v2\/posts"}],"about":[{"href":"https:\/\/balkanska-dijaspora.com\/index.php?rest_route=\/wp\/v2\/types\/post"}],"author":[{"embeddable":true,"href":"https:\/\/balkanska-dijaspora.com\/index.php?rest_route=\/wp\/v2\/users\/2"}],"replies":[{"embeddable":true,"href":"https:\/\/balkanska-dijaspora.com\/index.php?rest_route=%2Fwp%2Fv2%2Fcomments&post=42"}],"version-history":[{"count":1,"href":"https:\/\/balkanska-dijaspora.com\/index.php?rest_route=\/wp\/v2\/posts\/42\/revisions"}],"predecessor-version":[{"id":44,"href":"https:\/\/balkanska-dijaspora.com\/index.php?rest_route=\/wp\/v2\/posts\/42\/revisions\/44"}],"wp:featuredmedia":[{"embeddable":true,"href":"https:\/\/balkanska-dijaspora.com\/index.php?rest_route=\/wp\/v2\/media\/43"}],"wp:attachment":[{"href":"https:\/\/balkanska-dijaspora.com\/index.php?rest_route=%2Fwp%2Fv2%2Fmedia&parent=42"}],"wp:term":[{"taxonomy":"category","embeddable":true,"href":"https:\/\/balkanska-dijaspora.com\/index.php?rest_route=%2Fwp%2Fv2%2Fcategories&post=42"},{"taxonomy":"post_tag","embeddable":true,"href":"https:\/\/balkanska-dijaspora.com\/index.php?rest_route=%2Fwp%2Fv2%2Ftags&post=42"}],"curies":[{"name":"wp","href":"https:\/\/api.w.org\/{rel}","templated":true}]}}