{"id":45,"date":"2026-01-25T10:21:36","date_gmt":"2026-01-25T10:21:36","guid":{"rendered":"https:\/\/balkanska-dijaspora.com\/?p=45"},"modified":"2026-01-25T10:21:36","modified_gmt":"2026-01-25T10:21:36","slug":"uzbuna-u-covicevim-redovima-bilo-bi-dobro-da-bude-jaka-konkurencija-medu-bosnjackim-kandidatima-za-clana-predsjednistva","status":"publish","type":"post","link":"https:\/\/balkanska-dijaspora.com\/?p=45","title":{"rendered":"UZBUNA U \u010cOVI\u0106EVIM REDOVIMA: \u201eBilo bi dobro da bude jaka konkurencija me\u0111u bo\u0161nja\u010dkim kandidatima za \u010dlana Predsjedni\u0161tva"},"content":{"rendered":"\n<p>U javnost postepeno izlaze imena potencijalnih kandidata za sva tri \u010dlana Predsjedni\u0161tva Bosne i Hercegovine na ovogodi\u0161njim Op\u0107im izborima. Posebno neizvjesna mogla bi biti utrka za bo\u0161nja\u010dkog \u010dlana Predsjedni\u0161tva, s obzirom na to da je ve\u0107 nekoliko stranaka istaknulo ili najavilo svoje kandidature, navodi se u prilogu RTVHB-a, medijskog glasila HDZ-a BiH.<\/p>\n\n\n\n<p>U prilogu se isti\u010de kako se Hrvati, pri \u010demu se misli na HDZ BiH, \u201enadaju da bi kona\u010dno mogli izabrati svog \u010dlana Predsjedni\u0161tva, unato\u010d tome \u0161to i dalje postoje aspiracije pojedinih bo\u0161nja\u010dkih stranaka da izaberu svog kandidata\u201c.<\/p>\n\n\n\n<p>Trojka bi ponovo mogla podr\u017eati kandidaturu Denisa Be\u0107irovi\u0107a, dok je predsjednik Stranke za BiH Semir Efendi\u0107 ve\u0107 objavio svoju kandidaturu. U utrku bi se, prema navodima, mogao uklju\u010diti i federalni ministar unutra\u0161njih poslova Ramo Isak. Jo\u0161 se \u010deka odluka SDA o njihovom kandidatu, a Efendi\u0107eva kandidatura, kako se navodi, posebno je iznenadila ovu stranku. Kao mogu\u0107i kandidati iz SDA spominju se \u010dlanovi bra\u010dnog para Izetbegovi\u0107.<\/p>\n\n\n\n<p>\u201eHo\u0107e li oni biti spremni podr\u017eati nekog drugog kandidata mogu\u0107e je, ne bih isklju\u010dio. Mada s obzirom da znam koliki su egoisti oboje i kakve su im ambicije, oni \u0107e se te\u0161ko toga odre\u0107i. A mimo bra\u010dnog para ne bih mogao predvidjeti tko bi mogao tre\u0107i kandidat biti. Stranka za BiH je u prethodnim ciklusima znala povla\u010diti svoje kandidate, tako da me ne bi \u010dudilo da je ovo neka vrsta poku\u0161aja pritiska na SDA i trgovine od strane Semira Efendi\u0107a. Ali ipak mislim da \u0107e se klju\u010dna borba voditi izme\u0111u Denisa Be\u0107irovi\u0107a i kandidata SDA, za kojeg jo\u0161 trebamo vidjeti tko \u0107e biti\u201c, kazao je novinar Danijal Had\u017eovi\u0107.<\/p>\n\n\n\n<p>Kada je rije\u010d o hrvatskoj strani, jo\u0161 se \u010dekaju slu\u017ebene objave kandidatura koje \u0107e podr\u017eati dva bloka hrvatskih stranaka. Istovremeno, Demokratska fronta \u017deljka Kom\u0161i\u0107a ponovo je potvrdila da preko bo\u0161nja\u010dkih glasova \u017eeli kandidirati Kom\u0161i\u0107evog savjetnika Slavena Kova\u010devi\u0107a, zbog \u010dega su hrvatske stranke oprezne s imenima, navodi se u prilogu RTVHB-a.<\/p>\n\n\n\n<p>Predsjednik Hrvatske kulturne zajednice \u201eTroplet\u201c Miroslav Nikoli\u0107 smatra da su, zbog nedostataka u Izbornom zakonu, izbori u BiH daleko od istinske demokracije.<\/p>\n\n\n\n<p>\u201eRekao bih festival kr\u0161enja temeljnih na\u010dela, temeljnih postulata izbora, a to je da jedna zajednica, u ovom slu\u010daju jedan narod ne bira predstavnike drugoj zajednici, drugom narodu \u0161to je temelj predstavni\u010dke demokracije koji se ovdje kr\u0161i. To je izgleda postalo normalno svima, a \u010dak se i potpoma\u017ee od nekih predstavnika me\u0111unarodne zajednice koji bi to trebali sprije\u010davati i utjecati na to. Ba\u0161 takve stvari nisu omogu\u0107ile pluralizaciju hrvatskog politi\u010dkog i izbornog tijela gdje bi mogli birati najboljeg\u201c, navodi Nikoli\u0107.<\/p>\n\n\n\n<p>Ipak, ukoliko na bo\u0161nja\u010dkoj politi\u010dkoj sceni bude vi\u0161e kandidata, to bi moglo uzeti dio glasova Demokratskoj fronti i Slaven\u0443 Kova\u010devi\u0107u. Prema Nikoli\u0107evom mi\u0161ljenju, to ne bi smjelo zavarati hrvatske stranke, koje bi i dalje trebale insistirati na izmjenama Izbornog zakona.<\/p>\n\n\n\n<p>\u201eNajbolja situacija bi bila da se nitko na hrvatskoj strani ne kandidira osim istinskih hrvatskih predstavnika. Tada bi u principu bilo svejedno koliko je kandidata na bo\u0161nja\u010dkoj strani. Me\u0111utim, svakako bi u ovakvoj situaciji kakvoj jesmo bilo dobro da bude jaka konkurencija me\u0111u bo\u0161nja\u010dkim kandidatima za \u010dlana Predsjedni\u0161tva. Time bi se smanjila mogu\u0107nost izbornog in\u017eenjeringa i prelijevanja bo\u0161nja\u010dkih glasova za hrvatskog \u010dlana Predsjedni\u0161tva\u201c, ka\u017ee Nikoli\u0107 za strana\u010dku televiziju.<\/p>\n\n\n\n<p>Na kraju, Had\u017eovi\u0107 se osvrnuo i na kandidaturu Slavena Kova\u010devi\u0107a.<\/p>\n\n\n\n<p>\u201e\u0160to se ti\u010de Slavena Kova\u010devi\u0107a, mislim da on ne mo\u017ee ra\u010dunati ni na pribli\u017enu podr\u0161ku koju je imao Kom\u0161i\u0107, s obzirom da je njegova popularnost u dru\u0161tvu daleko manja. Mislim da ni velika ve\u0107ina glasa\u010da ba\u0161 nije odu\u0161evljena \u010dinjenicom da je Kova\u010devi\u0107 osoba koja je mijenjala zbog nekog \u010distog interesa mijenjala svoju nacionalnu pripadnost\u201c, zaklju\u010dio je Had\u017eovi\u0107.<\/p>\n","protected":false},"excerpt":{"rendered":"<div class=\"mh-excerpt\"><p>U javnost postepeno izlaze imena potencijalnih kandidata za sva tri \u010dlana Predsjedni\u0161tva Bosne i Hercegovine na ovogodi\u0161njim Op\u0107im izborima. Posebno neizvjesna mogla bi biti utrka <a class=\"mh-excerpt-more\" href=\"https:\/\/balkanska-dijaspora.com\/?p=45\" title=\"UZBUNA U \u010cOVI\u0106EVIM REDOVIMA: \u201eBilo bi dobro da bude jaka konkurencija me\u0111u bo\u0161nja\u010dkim kandidatima za \u010dlana Predsjedni\u0161tva\">[&#8230;]<\/a><\/p>\n<\/div>","protected":false},"author":2,"featured_media":46,"comment_status":"open","ping_status":"open","sticky":false,"template":"","format":"standard","meta":{"pagelayer_contact_templates":[],"_pagelayer_content":"","footnotes":""},"categories":[1],"tags":[],"class_list":["post-45","post","type-post","status-publish","format-standard","has-post-thumbnail","hentry","category-uncategorized"],"_links":{"self":[{"href":"https:\/\/balkanska-dijaspora.com\/index.php?rest_route=\/wp\/v2\/posts\/45","targetHints":{"allow":["GET"]}}],"collection":[{"href":"https:\/\/balkanska-dijaspora.com\/index.php?rest_route=\/wp\/v2\/posts"}],"about":[{"href":"https:\/\/balkanska-dijaspora.com\/index.php?rest_route=\/wp\/v2\/types\/post"}],"author":[{"embeddable":true,"href":"https:\/\/balkanska-dijaspora.com\/index.php?rest_route=\/wp\/v2\/users\/2"}],"replies":[{"embeddable":true,"href":"https:\/\/balkanska-dijaspora.com\/index.php?rest_route=%2Fwp%2Fv2%2Fcomments&post=45"}],"version-history":[{"count":1,"href":"https:\/\/balkanska-dijaspora.com\/index.php?rest_route=\/wp\/v2\/posts\/45\/revisions"}],"predecessor-version":[{"id":47,"href":"https:\/\/balkanska-dijaspora.com\/index.php?rest_route=\/wp\/v2\/posts\/45\/revisions\/47"}],"wp:featuredmedia":[{"embeddable":true,"href":"https:\/\/balkanska-dijaspora.com\/index.php?rest_route=\/wp\/v2\/media\/46"}],"wp:attachment":[{"href":"https:\/\/balkanska-dijaspora.com\/index.php?rest_route=%2Fwp%2Fv2%2Fmedia&parent=45"}],"wp:term":[{"taxonomy":"category","embeddable":true,"href":"https:\/\/balkanska-dijaspora.com\/index.php?rest_route=%2Fwp%2Fv2%2Fcategories&post=45"},{"taxonomy":"post_tag","embeddable":true,"href":"https:\/\/balkanska-dijaspora.com\/index.php?rest_route=%2Fwp%2Fv2%2Ftags&post=45"}],"curies":[{"name":"wp","href":"https:\/\/api.w.org\/{rel}","templated":true}]}}