{"id":51,"date":"2026-01-26T09:10:26","date_gmt":"2026-01-26T09:10:26","guid":{"rendered":"https:\/\/balkanska-dijaspora.com\/?p=51"},"modified":"2026-01-26T09:10:26","modified_gmt":"2026-01-26T09:10:26","slug":"vukanovic-bez-dlake-na-jeziku-dvostruki-standardi-u-osudi-nasilja-kod-tuzle","status":"publish","type":"post","link":"https:\/\/balkanska-dijaspora.com\/?p=51","title":{"rendered":"Vukanovi\u0107 bez dlake na jeziku: Dvostruki standardi u osudi nasilja kod Tuzle"},"content":{"rendered":"\n<p>No\u0107 nasilja u blizini Tuzle, u kojoj je povrije\u0111eno vi\u0161e od dvadeset osoba, ponovo je otvorila pitanje selektivne osude nasilja u Bosni i Hercegovini i razli\u010ditog odnosa politike i medija prema istim ili sli\u010dnim incidentima, u zavisnosti od toga ko su akteri.<\/p>\n\n\n\n<p>Sukob je izbio nakon dolaska grupe navija\u010da Crvene zvezde avionom na Me\u0111unarodni aerodrom Tuzla. Prema dostupnim informacijama, nedugo po izlasku iz aerodromskog kruga, navija\u010de je do\u010dekala grupa pripadnika Torcide, navija\u010da Hajduka iz Splita. Fizi\u010dki obra\u010dun izbio je gotovo odmah, a svjedoci navode da su scene podsje\u0107ale na ratnu zonu, a ne na sportsko rivalstvo.<\/p>\n\n\n\n<p>Zvani\u010dni podaci policije govore da su u tu\u010dnjavi povrije\u0111ene 23 osobe. Dodatnu te\u017einu cijelom doga\u0111aju daje i \u010dinjenica da su navija\u010di iz Splita i Trogira ranije u\u0161li u Bosnu i Hercegovinu preko grani\u010dnog prelaza Kamensko, gdje su, prema navodima, izjavili da dolaze radi u\u010de\u0161\u0107a na humanitarnom turniru u \u017dep\u010du. Umjesto sporta i humanosti, iza sebe su ostavili nasilje, strah i ozbiljna sigurnosna pitanja.<\/p>\n\n\n\n<p>Dok su regionalni i pojedini bh. mediji danima izvje\u0161tavali o ovom incidentu, reakcije politi\u010dkih struktura u Republici Srpskoj bile su, prema ocjeni Neboj\u0161e Vukanovi\u0107a, izuzetno tihe. Predsjednik Liste za pravdu i red javno je ukazao na, kako tvrdi, o\u010digledne dvostruke standarde u osudi nasilja.<\/p>\n\n\n\n<p>Vukanovi\u0107 smatra da bi reakcije bile znatno o\u0161trije da su u sukobu u\u010destvovali navija\u010di doma\u0107ih klubova poput Slobode, Sarajeva ili \u017deljezni\u010dara. U tom slu\u010daju, tvrdi on, uslijedila bi vanredna obra\u0107anja, politi\u010dka dramatizacija i te\u0161ke optu\u017ebe o ugro\u017eenosti i \u0161irenju mr\u017enje.<\/p>\n\n\n\n<p>Posebno nagla\u0161ava da je, kada su u pitanju navija\u010dke grupe iz Hrvatske i zapadne Hercegovine, zavladala gotovo potpuna ti\u0161ina. Razlog za to, prema njegovim rije\u010dima, le\u017ei u strahu da se ne zamjere politi\u010dkim centrima mo\u0107i u Zagrebu i Mostaru, odnosno, kako navodi, \u201ementorima i saveznicima\u201c poput Andreja Plenkovi\u0107a i Dragana \u010covi\u0107a.<\/p>\n\n\n\n<p>Ovaj incident, kako upozorava Vukanovi\u0107, ne predstavlja samo sigurnosni ili sportski problem, ve\u0107 ozbiljan dru\u0161tveni test. Ako se nasilje osu\u0111uje selektivno, onda problem nisu samo huligani na ulicama, ve\u0107 i institucije, mediji i politi\u010dari koji biraju kada \u0107e govoriti glasno, a kada \u0107e \u0161utjeti.<\/p>\n\n\n\n<p>Izvor: Slobodna Bosna<\/p>\n","protected":false},"excerpt":{"rendered":"<div class=\"mh-excerpt\"><p>No\u0107 nasilja u blizini Tuzle, u kojoj je povrije\u0111eno vi\u0161e od dvadeset osoba, ponovo je otvorila pitanje selektivne osude nasilja u Bosni i Hercegovini i <a class=\"mh-excerpt-more\" href=\"https:\/\/balkanska-dijaspora.com\/?p=51\" title=\"Vukanovi\u0107 bez dlake na jeziku: Dvostruki standardi u osudi nasilja kod Tuzle\">[&#8230;]<\/a><\/p>\n<\/div>","protected":false},"author":2,"featured_media":52,"comment_status":"open","ping_status":"open","sticky":false,"template":"","format":"standard","meta":{"pagelayer_contact_templates":[],"_pagelayer_content":"","footnotes":""},"categories":[1],"tags":[],"class_list":["post-51","post","type-post","status-publish","format-standard","has-post-thumbnail","hentry","category-uncategorized"],"_links":{"self":[{"href":"https:\/\/balkanska-dijaspora.com\/index.php?rest_route=\/wp\/v2\/posts\/51","targetHints":{"allow":["GET"]}}],"collection":[{"href":"https:\/\/balkanska-dijaspora.com\/index.php?rest_route=\/wp\/v2\/posts"}],"about":[{"href":"https:\/\/balkanska-dijaspora.com\/index.php?rest_route=\/wp\/v2\/types\/post"}],"author":[{"embeddable":true,"href":"https:\/\/balkanska-dijaspora.com\/index.php?rest_route=\/wp\/v2\/users\/2"}],"replies":[{"embeddable":true,"href":"https:\/\/balkanska-dijaspora.com\/index.php?rest_route=%2Fwp%2Fv2%2Fcomments&post=51"}],"version-history":[{"count":1,"href":"https:\/\/balkanska-dijaspora.com\/index.php?rest_route=\/wp\/v2\/posts\/51\/revisions"}],"predecessor-version":[{"id":53,"href":"https:\/\/balkanska-dijaspora.com\/index.php?rest_route=\/wp\/v2\/posts\/51\/revisions\/53"}],"wp:featuredmedia":[{"embeddable":true,"href":"https:\/\/balkanska-dijaspora.com\/index.php?rest_route=\/wp\/v2\/media\/52"}],"wp:attachment":[{"href":"https:\/\/balkanska-dijaspora.com\/index.php?rest_route=%2Fwp%2Fv2%2Fmedia&parent=51"}],"wp:term":[{"taxonomy":"category","embeddable":true,"href":"https:\/\/balkanska-dijaspora.com\/index.php?rest_route=%2Fwp%2Fv2%2Fcategories&post=51"},{"taxonomy":"post_tag","embeddable":true,"href":"https:\/\/balkanska-dijaspora.com\/index.php?rest_route=%2Fwp%2Fv2%2Ftags&post=51"}],"curies":[{"name":"wp","href":"https:\/\/api.w.org\/{rel}","templated":true}]}}