{"id":57,"date":"2026-01-27T09:19:01","date_gmt":"2026-01-27T09:19:01","guid":{"rendered":"https:\/\/balkanska-dijaspora.com\/?p=57"},"modified":"2026-01-27T09:19:01","modified_gmt":"2026-01-27T09:19:01","slug":"otvoreno-bez-zadrske-oric-iznio-teske-optuzbe-protiv-mahmutovica-rekao-mi-je","status":"publish","type":"post","link":"https:\/\/balkanska-dijaspora.com\/?p=57","title":{"rendered":"OTVORENO BEZ ZADR\u0160KE: Ori\u0107 iznio te\u0161ke optu\u017ebe protiv Mahmutovi\u0107a: \u201cRekao mi je\u2026\u201d"},"content":{"rendered":"\n<p>Gostuju\u0107i u programu Face TV-a, ratni komandant Srebrenice Naser Ori\u0107 uputio je niz o\u0161trih kritika i optu\u017ebi na ra\u010dun D\u017eevada Mahmutovi\u0107a, visokog funkcionera SDA i delegata u Vije\u0107u naroda Republike Srpske. Ori\u0107 je naglasio da vi\u0161e ne \u017eeli \u0161utjeti o postupcima pojedinaca koji su, kako tvrdi, ratnu pro\u0161lost iskoristili za li\u010dnu korist.<\/p>\n\n\n\n<p>Telefonski razgovor tokom incidenta u Poto\u010darima 2015. godine<\/p>\n\n\n\n<p>Jedan od najupe\u010datljivijih dijelova Ori\u0107evog izlaganja odnosio se na 11. juli 2015. godine, kada je u Memorijalnom centru Poto\u010dari napadnut tada\u0161nji premijer Srbije Aleksandar Vu\u010di\u0107. Ori\u0107 je naveo da se u tom periodu nalazio pod zabranom kretanja, na okolnim brdima, te da je telefonski kontaktirao Mahmutovi\u0107a kako bi se informisao o situaciji na terenu.<\/p>\n\n\n\n<p>\u201eZvao sam ga da ostane uz narod, a on mi je rekao: \u2018Je*<em>o te narod, bit \u0107e kr<\/em>i do koljena!\u2019 i ve\u0107 je bio pobjegao do Mili\u0107a\u201c, izjavio je Ori\u0107, ocijeniv\u0161i takvo pona\u0161anje kao bijeg s mjesta odgovornosti u jednom od najkriti\u010dnijih trenutaka.<\/p>\n\n\n\n<p>Poziv institucijama na istragu tro\u0161enja sredstava u Poto\u010darima<\/p>\n\n\n\n<p>Ori\u0107 je javno pozvao Dr\u017eavnu agenciju za istrage i za\u0161titu (SIPA), kao i nadle\u017ena tu\u017eila\u0161tva, da ispitaju tendersku dokumentaciju i finansijske tokove vezane za rekonstrukciju biv\u0161e fabrike akumulatora u Poto\u010darima.<\/p>\n\n\n\n<p>Kako je naveo, sumnje se odnose na period kada je Mahmutovi\u0107 bio \u010dlan Upravnog odbora Memorijalnog centra Srebrenica, a obuhvataju vi\u0161e spornih navoda:<\/p>\n\n\n\n<ul class=\"wp-block-list\">\n<li>Nestanak imovine \u2013 Ori\u0107 tvrdi da je vrijedan aluminijski krov fabrike otu\u0111en i prodat na crnom tr\u017ei\u0161tu.<\/li>\n\n\n\n<li>Projekte bez realizacije \u2013 kao primjer je naveo hotel \u201eLaura\u201c, u koji su, prema njegovim tvrdnjama, ulo\u017eena zna\u010dajna sredstva bez vidljivih rezultata.<\/li>\n\n\n\n<li>Li\u010dnu korist \u2013 ustvrdio je da je tim novcem omogu\u0107eno \u0161kolovanje djece u inostranstvu, dok pre\u017eivjele \u017ertve genocida i dalje \u017eive u te\u0161kim uslovima.<\/li>\n<\/ul>\n\n\n\n<p>Suzdr\u017eanost u Vije\u0107u naroda kao predmet spora<\/p>\n\n\n\n<p>Komentari\u0161u\u0107i nedavnu odluku D\u017eevada Mahmutovi\u0107a da bude suzdr\u017ean tokom glasanja o vitalnom nacionalnom interesu u Vije\u0107u naroda RS, \u010dime je omogu\u0107eno potvr\u0111ivanje nove Vlade Republike Srpske, Ori\u0107 je ocijenio da se ne radi o politi\u010dkoj strategiji.<\/p>\n\n\n\n<p>Prema njegovim rije\u010dima, rije\u010d je o ucjeni i pritiscima vezanim za ranije nezakonite radnje.<br>\u201eTo nije politika, to je kupovina vlastite slobode\u201c, rekao je Ori\u0107, povezuju\u0107i suzdr\u017eanost u institucijama s poku\u0161ajem izbjegavanja pravne odgovornosti.<\/p>\n\n\n\n<p>Kritika \u201enovog patriotizma\u201c i li\u010dni polo\u017eaj<\/p>\n\n\n\n<p>Na kraju istupa, Ori\u0107 je povukao jasnu liniju izme\u0111u deklarativnog patriotizma i \u017eivota s posljedicama rata. Kritikovao je, kako ih je nazvao, \u201enovokomponovane patriote\u201c koji iz udobnih gradskih stanova dijele lekcije, dok on sam, kako tvrdi, \u017eivi u te\u0161kim infrastrukturnim uslovima i pod stalnim pravnim pritiscima.<\/p>\n\n\n\n<p>Naglasio je da se njegovi putevi s Mahmutovi\u0107em, uprkos zajedni\u010dkom ratnom iskustvu u Podrinju, ne mogu susresti ni moralno ni politi\u010dki.<\/p>\n","protected":false},"excerpt":{"rendered":"<div class=\"mh-excerpt\"><p>Gostuju\u0107i u programu Face TV-a, ratni komandant Srebrenice Naser Ori\u0107 uputio je niz o\u0161trih kritika i optu\u017ebi na ra\u010dun D\u017eevada Mahmutovi\u0107a, visokog funkcionera SDA i <a class=\"mh-excerpt-more\" href=\"https:\/\/balkanska-dijaspora.com\/?p=57\" title=\"OTVORENO BEZ ZADR\u0160KE: Ori\u0107 iznio te\u0161ke optu\u017ebe protiv Mahmutovi\u0107a: \u201cRekao mi je\u2026\u201d\">[&#8230;]<\/a><\/p>\n<\/div>","protected":false},"author":2,"featured_media":58,"comment_status":"open","ping_status":"open","sticky":false,"template":"","format":"standard","meta":{"pagelayer_contact_templates":[],"_pagelayer_content":"","footnotes":""},"categories":[1],"tags":[],"class_list":["post-57","post","type-post","status-publish","format-standard","has-post-thumbnail","hentry","category-uncategorized"],"_links":{"self":[{"href":"https:\/\/balkanska-dijaspora.com\/index.php?rest_route=\/wp\/v2\/posts\/57","targetHints":{"allow":["GET"]}}],"collection":[{"href":"https:\/\/balkanska-dijaspora.com\/index.php?rest_route=\/wp\/v2\/posts"}],"about":[{"href":"https:\/\/balkanska-dijaspora.com\/index.php?rest_route=\/wp\/v2\/types\/post"}],"author":[{"embeddable":true,"href":"https:\/\/balkanska-dijaspora.com\/index.php?rest_route=\/wp\/v2\/users\/2"}],"replies":[{"embeddable":true,"href":"https:\/\/balkanska-dijaspora.com\/index.php?rest_route=%2Fwp%2Fv2%2Fcomments&post=57"}],"version-history":[{"count":1,"href":"https:\/\/balkanska-dijaspora.com\/index.php?rest_route=\/wp\/v2\/posts\/57\/revisions"}],"predecessor-version":[{"id":59,"href":"https:\/\/balkanska-dijaspora.com\/index.php?rest_route=\/wp\/v2\/posts\/57\/revisions\/59"}],"wp:featuredmedia":[{"embeddable":true,"href":"https:\/\/balkanska-dijaspora.com\/index.php?rest_route=\/wp\/v2\/media\/58"}],"wp:attachment":[{"href":"https:\/\/balkanska-dijaspora.com\/index.php?rest_route=%2Fwp%2Fv2%2Fmedia&parent=57"}],"wp:term":[{"taxonomy":"category","embeddable":true,"href":"https:\/\/balkanska-dijaspora.com\/index.php?rest_route=%2Fwp%2Fv2%2Fcategories&post=57"},{"taxonomy":"post_tag","embeddable":true,"href":"https:\/\/balkanska-dijaspora.com\/index.php?rest_route=%2Fwp%2Fv2%2Ftags&post=57"}],"curies":[{"name":"wp","href":"https:\/\/api.w.org\/{rel}","templated":true}]}}